{"id":997,"date":"2023-11-20T15:13:38","date_gmt":"2023-11-20T14:13:38","guid":{"rendered":"https:\/\/gruene-neuhofen.de\/?p=997"},"modified":"2025-08-31T22:03:45","modified_gmt":"2025-08-31T20:03:45","slug":"erfolgreiche-woog-begehung-mit-jutta-paulus","status":"publish","type":"post","link":"https:\/\/gruene-neuhofen.de\/?p=997","title":{"rendered":"Erfolgreiche Woog-Begehung mit Jutta Paulus"},"content":{"rendered":"\n<p>Am 18. November 2023 hat der Ortsverband B 90\/ Die Gr\u00fcnen zusammen mit der EU-Abgeordneten Jutta Paulus und etwa 40 interessierten B\u00fcrger*innen die Fl\u00e4che im Woog besichtigt, auf der ein Solarpark errichtet werden soll.<\/p>\n\n\n\n<p>Schon zu Beginn wollte das Publikum wissen, wieso der Ortsb\u00fcrgermeister dort mit der Firma Pfalzsolar eine Freifl\u00e4chen-Photovoltaikanlage auf einer Fl\u00e4che von 18,6 Hektar plant, w\u00e4hrend auf so vielen Hausd\u00e4chern und Parkpl\u00e4tzen in Neuhofen noch Platz f\u00fcr Photovoltaik ist. Unsere Vorstandssprecherin Anette Winter machte deutlich, dass auch der Gr\u00fcne Ortsverband Photovoltaik auf Geb\u00e4uden und \u00fcber schon versiegelten Fl\u00e4chen favorisiert und sich weiter daf\u00fcr einsetzen wird, dass der Anteil in diesem Bereich deutlich steigt. Jedoch verwies sie auch darauf, dass viele der vorgeschlagenen Fl\u00e4chen nicht im Eigentum der Gemeinde stehen und diese deshalb dort wenig Einfluss auf den Photovoltaik-Ausbau hat. Die Fl\u00e4che im Woog ist dagegen mehrheitlich im Eigentum der Gemeinde und wohl deshalb f\u00fcr eine Freifl\u00e4chen-Photovoltaikanlage vorgeschlagen worden. Dieter Neugebauer als Vertreter der B\u00fcrgerenergiegenossenschaft f\u00fcr die Region Speyer-Vorderpfalz \u201eb\u00fcrgerINenergie e.G.\u201c wies darauf hin, dass sich \u00fcber sie B\u00fcrger*innen zusammenschlie\u00dfen k\u00f6nnten, um den Photovoltaik-Ausbau voranzutreiben und unabh\u00e4ngig von gro\u00dfen Investoren zu agieren. Damit reagierte er auf die Kritik aus dem Publikum, dass der geplante Solarpark nicht direkt nur Neuhofen zu Gute komme und eine B\u00fcrgerbeteiligung fehle.<\/p>\n\n\n\n<p>Als wir uns dann gemeinsam die Fl\u00e4che angeschaut haben, die f\u00fcr den Solarpark genutzt werden soll, trieb die B\u00fcrger*innen besonders auch der Wegfall der dort teilweise bisher betriebenen Landwirtschaft um. Die zunehmende Versiegelung von Fl\u00e4chen in Neuhofen und der damit immer gr\u00f6\u00dfere Wegfall von Ackerfl\u00e4chen wurde kritisiert. Auch wenn die Versorgungssicherheit nicht gef\u00e4hrdet ist, gibt es doch den Wunsch der B\u00fcrger*innen qualitativ hochwertige regionale Produkte kaufen zu k\u00f6nnen. Ein Kompromiss hierf\u00fcr k\u00f6nnte die Installation einer Agri-Photovoltaikanlage sein, damit die Fl\u00e4che sowohl f\u00fcr die Nahrungs- als auch f\u00fcr die Stromerzeugung genutzt werden k\u00f6nnte. F\u00fcr die Frage, wie eine zu den \u00f6rtlichen Gegebenheiten und Produkten passende Agri-Photovoltaikanlage aussehen und finanziert werden k\u00f6nnte, w\u00fcnschen sich die Landwirte in Neuhofen mehr professionelle Unterst\u00fctzung. Der Gr\u00fcne Ortsverband hofft in den weiteren Veranstaltungen der Reihe \u201eSolarpark im Woog?\u201c gerade auch die technischen, wirtschaftlichen und landwirtschaftlichen Aspekte von Expert*innen erl\u00e4utert zu bekommen und so zur Informationsgewinnung beizutragen.<\/p>\n\n\n\n<p>W\u00e4hrend ein Teil der Besucher*innen die Installation einer Agri-Photovoltaikanlage bef\u00fcrwortete, sprachen sich andere gegen den Standort im Naturschutzgebiet oder die generelle Notwendigkeit von Freifl\u00e4chen-Photovoltaikanlagen aus. Gleichzeitig verwies ein Vertreter des BUND auf die negativen Folgen von landwirtschaftlicher Nutzung auf die B\u00f6den und dass eine Freifl\u00e4chen-Photovoltaikanlage ohne landwirtschaftliche Nutzung sogar ein Gewinn f\u00fcr den Naturschutz darstellen k\u00f6nnte. \u00d6kologische Landwirtschaft k\u00f6nnte allerdings auch eine Verbesserung f\u00fcr die B\u00f6den bringen im Vergleich zu der aktuellen Nutzung, weshalb sich bei weiterer landwirtschaftlicher Nutzung der Fl\u00e4che mehrheitlich f\u00fcr eine \u00f6kologische Landwirtschaft ausgesprochen wurde. Eine regionale landwirtschaftliche Versorgung ist in unseren Augen sehr wichtig und st\u00e4rkt die Neuh\u00f6fer Betriebe.<\/p>\n\n\n\n<p>Die Europaparlamentarierin Jutta Paulus erl\u00e4uterte, dass bei der Ausschreibung von Freifl\u00e4chen-Photovoltaikanlagen darauf geachtet werden k\u00f6nnte, dass neben der Stromgewinnung auch Biodiversit\u00e4t gesteigert wird. Konkret schlug sie vor, die gegen\u00fcber der f\u00fcr den Solarpark geplanten Fl\u00e4che liegenden Wiesen biologisch aufzuwerten oder den gesamten Bereich wiederzuvern\u00e4ssen, was den gr\u00f6\u00dften Nutzen f\u00fcr den Artenschutz bringen w\u00fcrde. Jutta Paulus berichtete vom k\u00fcrzlich beschlossenen Gesetz zur Wiederherstellung der Natur und dass alle Mitgliedsstaaten der EU nun Fl\u00e4chen renaturieren m\u00fcssten. Sie wies aber auch darauf hin, dass Freifl\u00e4chen-Photovoltaikanlagen notwendig sind, um genug erneuerbare Energie zu produzieren und dass die Zeit dr\u00e4ngt. Erg\u00e4nzend kam aus dem Kreis der Teilnehmer*innen der Hinweis, dass Windkraftanlagen weniger Fl\u00e4che verbrauchen, und in hohem Ma\u00dfe Strom auch bei Dunkelheit liefern. Als kulturhistorisch gesch\u00fctzte Landschaft kommen die Rheinauen f\u00fcr Windr\u00e4der selbstverst\u00e4ndlich nicht in Frage, aber an anderer Stelle in Neuhofen wird die Realisierung von Windr\u00e4dern bereits gepr\u00fcft.<\/p>\n\n\n\n<p>Der n\u00e4chste Halt unserer Begehung war das Erlenw\u00e4ldchen im Woog, das besonders wertvoll f\u00fcr die Biodiversit\u00e4t, aber durch den sinkenden Grundwasserspiegel in Gefahr ist.<\/p>\n\n\n\n<p>Als letzte Station besuchten wir aufgrund der aktuellen Weltlage den Neuh\u00f6fer Judenfriedhof und unsere Vorstandssprecherin Anette Winter dr\u00fcckte ihr Entsetzen \u00fcber den aktuell aufflammenden Antisemitismus in Deutschland aus. Sie berichtete, dass aus Neuhofen 11 Juden und J\u00fcdinnen deportiert wurden und wir alle verpflichtet sind, uns aktiv gegen Antisemitismus einzusetzen. Jutta Paulus bekr\u00e4ftigte unsere historische Verpflichtung infolge des Holocausts und berichtete von teils schwer zu ertragenden Aussagen selbst im Europ\u00e4ischen Parlament.<\/p>\n\n\n\n<p>Ein Teil der B\u00fcrger*innen w\u00e4rmte sich im Anschluss an die Begehung des Woogs noch im Reiterst\u00fcbchen auf und tauschte sich direkt mit Jutta Paulus und den Neuh\u00f6fer Gr\u00fcnen aus.<\/p>\n\n\n\n<p>Wir freuen uns, dass die erste Veranstaltung unserer Veranstaltungsreihe \u201eSolarpark im Woog?\u201c so viele Menschen interessiert hat und Auftakt f\u00fcr einen Austausch \u00fcber die Pl\u00e4ne und die beste L\u00f6sung f\u00fcr Neuhofen war. Klar wurde, dass eine G\u00fcterabw\u00e4gung zwischen Biodiversit\u00e4t, Landwirtschaft und Energiesicherheit notwendig ist, und viele B\u00fcrger*innen bei dem Informations- und Entscheidungsprozess beteiligt werden wollen.<\/p>\n\n\n\n<p>Deshalb m\u00f6chten wir auch schon an dieser Stelle auf unsere n\u00e4chste Veranstaltung mit dem technischen und wirtschaftlichen Schwerpunkt von Freifl\u00e4chen-Photovoltaikanlagen am 31. Januar 2024 im Haus der Vereine hinweisen und hoffen dort weiter mit den Neuh\u00f6fer*innen in den Austausch zu kommen!<\/p>\n\n\n\n<figure class=\"wp-block-image size-large\"><img loading=\"lazy\" decoding=\"async\" width=\"800\" height=\"1067\" src=\"https:\/\/gruene-neuhofen.de\/wp-content\/uploads\/2023\/11\/IMG_4336-800x1067.jpeg\" alt=\"\" class=\"wp-image-1001\" srcset=\"https:\/\/gruene-neuhofen.de\/wp-content\/uploads\/2023\/11\/IMG_4336-800x1067.jpeg 800w, https:\/\/gruene-neuhofen.de\/wp-content\/uploads\/2023\/11\/IMG_4336-400x533.jpeg 400w, https:\/\/gruene-neuhofen.de\/wp-content\/uploads\/2023\/11\/IMG_4336-768x1024.jpeg 768w, https:\/\/gruene-neuhofen.de\/wp-content\/uploads\/2023\/11\/IMG_4336-1152x1536.jpeg 1152w, https:\/\/gruene-neuhofen.de\/wp-content\/uploads\/2023\/11\/IMG_4336.jpeg 1536w\" sizes=\"(max-width: 800px) 100vw, 800px\" \/><\/figure>\n\n\n\n<p><\/p>\n\n\n\n<figure class=\"wp-block-image size-large\"><img loading=\"lazy\" decoding=\"async\" width=\"800\" height=\"600\" src=\"https:\/\/gruene-neuhofen.de\/wp-content\/uploads\/2023\/11\/IMG_4315-800x600.jpeg\" alt=\"\" class=\"wp-image-1002\" srcset=\"https:\/\/gruene-neuhofen.de\/wp-content\/uploads\/2023\/11\/IMG_4315-800x600.jpeg 800w, https:\/\/gruene-neuhofen.de\/wp-content\/uploads\/2023\/11\/IMG_4315-400x300.jpeg 400w, https:\/\/gruene-neuhofen.de\/wp-content\/uploads\/2023\/11\/IMG_4315-768x576.jpeg 768w, https:\/\/gruene-neuhofen.de\/wp-content\/uploads\/2023\/11\/IMG_4315-1536x1152.jpeg 1536w, https:\/\/gruene-neuhofen.de\/wp-content\/uploads\/2023\/11\/IMG_4315.jpeg 2048w\" sizes=\"(max-width: 800px) 100vw, 800px\" \/><\/figure>\n\n\n\n<p><\/p>\n\n\n\n<figure class=\"wp-block-image size-large\"><img loading=\"lazy\" decoding=\"async\" width=\"800\" height=\"600\" src=\"https:\/\/gruene-neuhofen.de\/wp-content\/uploads\/2023\/11\/IMG_4347-1-800x600.jpeg\" alt=\"\" class=\"wp-image-1004\" srcset=\"https:\/\/gruene-neuhofen.de\/wp-content\/uploads\/2023\/11\/IMG_4347-1-800x600.jpeg 800w, https:\/\/gruene-neuhofen.de\/wp-content\/uploads\/2023\/11\/IMG_4347-1-400x300.jpeg 400w, https:\/\/gruene-neuhofen.de\/wp-content\/uploads\/2023\/11\/IMG_4347-1-768x576.jpeg 768w, https:\/\/gruene-neuhofen.de\/wp-content\/uploads\/2023\/11\/IMG_4347-1-1536x1152.jpeg 1536w, https:\/\/gruene-neuhofen.de\/wp-content\/uploads\/2023\/11\/IMG_4347-1.jpeg 2048w\" sizes=\"(max-width: 800px) 100vw, 800px\" \/><\/figure>\n\n\n\n<p>Von links nach rechts: Lutz Dreyer, Jutta Paulus, Melina Kick, J\u00fcrgen Fink und Anette Winter<\/p>\n","protected":false},"excerpt":{"rendered":"<p>Am 18. November 2023 hat der Ortsverband B 90\/ Die Gr\u00fcnen zusammen mit der EU-Abgeordneten Jutta Paulus und etwa 40 interessierten B\u00fcrger*innen die Fl\u00e4che im Woog besichtigt, auf der ein\u2026<\/p>\n","protected":false},"author":-1,"featured_media":998,"comment_status":"open","ping_status":"open","sticky":true,"template":"","format":"standard","meta":{"footnotes":""},"categories":[4,102,5],"tags":[65,67,20,68,31,49,66],"_links":{"self":[{"href":"https:\/\/gruene-neuhofen.de\/index.php?rest_route=\/wp\/v2\/posts\/997"}],"collection":[{"href":"https:\/\/gruene-neuhofen.de\/index.php?rest_route=\/wp\/v2\/posts"}],"about":[{"href":"https:\/\/gruene-neuhofen.de\/index.php?rest_route=\/wp\/v2\/types\/post"}],"author":[{"embeddable":true,"href":"https:\/\/gruene-neuhofen.de\/index.php?rest_route=\/wp\/v2\/users\/4"}],"replies":[{"embeddable":true,"href":"https:\/\/gruene-neuhofen.de\/index.php?rest_route=%2Fwp%2Fv2%2Fcomments&post=997"}],"version-history":[{"count":3,"href":"https:\/\/gruene-neuhofen.de\/index.php?rest_route=\/wp\/v2\/posts\/997\/revisions"}],"predecessor-version":[{"id":1005,"href":"https:\/\/gruene-neuhofen.de\/index.php?rest_route=\/wp\/v2\/posts\/997\/revisions\/1005"}],"wp:featuredmedia":[{"embeddable":true,"href":"https:\/\/gruene-neuhofen.de\/index.php?rest_route=\/wp\/v2\/media\/998"}],"wp:attachment":[{"href":"https:\/\/gruene-neuhofen.de\/index.php?rest_route=%2Fwp%2Fv2%2Fmedia&parent=997"}],"wp:term":[{"taxonomy":"category","embeddable":true,"href":"https:\/\/gruene-neuhofen.de\/index.php?rest_route=%2Fwp%2Fv2%2Fcategories&post=997"},{"taxonomy":"post_tag","embeddable":true,"href":"https:\/\/gruene-neuhofen.de\/index.php?rest_route=%2Fwp%2Fv2%2Ftags&post=997"}],"curies":[{"name":"wp","href":"https:\/\/api.w.org\/{rel}","templated":true}]}}