{"id":985,"date":"2023-10-31T23:03:56","date_gmt":"2023-10-31T22:03:56","guid":{"rendered":"https:\/\/gruene-neuhofen.de\/?p=985"},"modified":"2025-08-31T20:09:57","modified_gmt":"2025-08-31T18:09:57","slug":"veranstaltungsreihe-solarpark-im-woog-oeffentliche-begehung-mit-jutta-paulus","status":"publish","type":"post","link":"https:\/\/gruene-neuhofen.de\/?p=985","title":{"rendered":"1. Teil der Veranstaltungsreihe: Solarpark im Woog? &#8211; \u00d6ffentliche Begehung mit Jutta Paulus"},"content":{"rendered":"\n<p>Veranstaltungsreihe: &#8222;Solarpark im Woog? &#8211; Biodiversit\u00e4t, Landwirtschaft, Freifl\u00e4chen-PV \u2013 Wie passt das zusammen?&#8220;<\/p>\n\n\n\n<p>\u00d6ffentliche Begehung des Woogs mit Jutta Paulus, Umweltpolitische Sprecherin der GR\u00dcNEN im Europ\u00e4ischen Parlament<\/p>\n\n\n\n<p>Samstag, 18. November 2023, 14 Uhr, Treffpunkt Woogstra\u00dfe, vor dem Reiterst\u00fcbchen<\/p>\n\n\n\n<p>Der geplante Solarpark im Woog ist ein komplexes Thema, das die Interessen von Energiewende, Biodiversit\u00e4t und Landwirtschaft in Einklang bringen muss. Bevor eine endg\u00fcltige Entscheidung getroffen wird, ist es von gr\u00f6\u00dfter Bedeutung, alle Aspekte sorgf\u00e4ltig zu pr\u00fcfen.<\/p>\n\n\n\n<p>Wir setzen mit unserer ersten Veranstaltung genau hier an, um die Frage zu beleuchten, wie vertr\u00e4glich ein Solarpark im Woog f\u00fcr die Natur ist. Wir stehen nicht nur vor der Herausforderung der Klimakrise, sondern auch vor einem dramatischen Artensterben. Daher ist es unsere Pflicht, jeden Eingriff in nat\u00fcrliche Lebensgrundlagen kritisch zu hinterfragen \u2013 und ein Solarpark stellt zweifellos einen solchen Eingriff dar, da bauliche Ma\u00dfnahmen in das bestehende \u00f6kologische System eingreifen. Das f\u00fcr den Solarpark vorgesehene Gel\u00e4nde wird derzeit landwirtschaftlich genutzt, aber es war immer geplant, diese Fl\u00e4chen aus der Bewirtschaftung zu nehmen, beispielsweise durch Ausgleichsma\u00dfnahmen, die die Fl\u00e4chen \u00f6kologisch aufwerten.<\/p>\n\n\n\n<p>Der Woog ist ein \u00f6kologisch sensibles Gebiet mit Feuchtwiesen und historischen Merkmalen wie Torfstichen und Weiher. Die Auswirkungen eines Solarparks auf die Biodiversit\u00e4t m\u00fcssen daher&nbsp; sorgf\u00e4ltig bewertet werden. Wir m\u00fcssen sicherstellen, dass Eingriffe in das \u00d6kosystem minimal gehalten&nbsp; und Ausgleichsma\u00dfnahmen in Betracht gezogen werden, um die nat\u00fcrliche Vielfalt zu sch\u00fctzen.<\/p>\n\n\n\n<p>Die fortschreitende Bebauung von Naturfl\u00e4chen in Ballungsr\u00e4umen ist ein ernstes Problem, und die Entscheidung f\u00fcr einen 18 Hektar gro\u00dfen Solarpark muss im Kontext des regionalen Raumplans und der bereits geplanten Neuausweisung von 20 Hektar Siedlungsfl\u00e4che betrachtet werden. Der geplante Solarpark, der inmitten des bestehenden Naturschutzgebiets liegt, kann zweifellos einen wichtigen Beitrag zur Reduzierung von Treibhausgasemissionen und zur Bek\u00e4mpfung der Klimakrise leisten. Dennoch m\u00fcssen wir uns bewusst sein, dass dies m\u00f6glicherweise f\u00fcr den Naturschutz einen R\u00fcckschritt darstellen k\u00f6nnte.<\/p>\n\n\n\n<p>In unserer Veranstaltungsreihe werden wir uns mit diesen drei verschiedenen Perspektiven und Herausforderungen eingehend befassen, um eine informierte Entscheidung zu treffen, die sowohl den Bed\u00fcrfnissen des Klimaschutzes als auch dem Schutz der Natur und Landwirtschaft gerecht wird. Besonders spannend wird die Einsch\u00e4tzung von Jutta Paulus, die als engagierte Naturschutz- und Klimaschutzpolitikerin beide Themen in der EU vorantreibt. Ihre Erfahrung und Einblicke aus Br\u00fcssel sind auch f\u00fcr die Diskussion in Neuhofen eine zus\u00e4tzliche, hilfreiche Perspektive.&nbsp; Der Gr\u00fcnen Ortsverband Neuhofen l\u00e4dt Sie herzlich ein, an dieser wichtigen Diskussion teilzunehmen und Ihre Meinungen und Ideen einzubringen.<\/p>\n\n\n\n<p>Nach der Begehung findet ein Abschluss im Reiterst\u00fcbchen zum gem\u00fctlichen Austausch statt.<\/p>\n\n\n\n<p><\/p>\n","protected":false},"excerpt":{"rendered":"<p>Veranstaltungsreihe: &#8222;Solarpark im Woog? &#8211; Biodiversit\u00e4t, Landwirtschaft, Freifl\u00e4chen-PV  Wie passt das zusammen?&#8220; \u00d6ffentliche Begehung des Woogs mit Jutta Paulus, Umweltpolitische Sprecherin der GR\u00dcNEN im Europ\u00e4ischen Parlament Samstag, 18. November\u2026<\/p>\n","protected":false},"author":-1,"featured_media":990,"comment_status":"open","ping_status":"open","sticky":true,"template":"","format":"standard","meta":{"footnotes":""},"categories":[4,102,5],"tags":[65,67,20,68,31,49,66],"_links":{"self":[{"href":"https:\/\/gruene-neuhofen.de\/index.php?rest_route=\/wp\/v2\/posts\/985"}],"collection":[{"href":"https:\/\/gruene-neuhofen.de\/index.php?rest_route=\/wp\/v2\/posts"}],"about":[{"href":"https:\/\/gruene-neuhofen.de\/index.php?rest_route=\/wp\/v2\/types\/post"}],"author":[{"embeddable":true,"href":"https:\/\/gruene-neuhofen.de\/index.php?rest_route=\/wp\/v2\/users\/4"}],"replies":[{"embeddable":true,"href":"https:\/\/gruene-neuhofen.de\/index.php?rest_route=%2Fwp%2Fv2%2Fcomments&post=985"}],"version-history":[{"count":6,"href":"https:\/\/gruene-neuhofen.de\/index.php?rest_route=\/wp\/v2\/posts\/985\/revisions"}],"predecessor-version":[{"id":1873,"href":"https:\/\/gruene-neuhofen.de\/index.php?rest_route=\/wp\/v2\/posts\/985\/revisions\/1873"}],"wp:featuredmedia":[{"embeddable":true,"href":"https:\/\/gruene-neuhofen.de\/index.php?rest_route=\/wp\/v2\/media\/990"}],"wp:attachment":[{"href":"https:\/\/gruene-neuhofen.de\/index.php?rest_route=%2Fwp%2Fv2%2Fmedia&parent=985"}],"wp:term":[{"taxonomy":"category","embeddable":true,"href":"https:\/\/gruene-neuhofen.de\/index.php?rest_route=%2Fwp%2Fv2%2Fcategories&post=985"},{"taxonomy":"post_tag","embeddable":true,"href":"https:\/\/gruene-neuhofen.de\/index.php?rest_route=%2Fwp%2Fv2%2Ftags&post=985"}],"curies":[{"name":"wp","href":"https:\/\/api.w.org\/{rel}","templated":true}]}}