{"id":402,"date":"2021-02-24T19:51:43","date_gmt":"2021-02-24T18:51:43","guid":{"rendered":"https:\/\/gruene-neuhofen.de\/?p=402"},"modified":"2021-02-24T20:05:45","modified_gmt":"2021-02-24T19:05:45","slug":"stiller-infostand-des-gruenen-ortsverband-neuhofen-zur-landtagswahl-in-rheinland-pfalz","status":"publish","type":"post","link":"https:\/\/gruene-neuhofen.de\/?p=402","title":{"rendered":"Landtagswahl 2021 &#8211; Stiller Infostand des Gr\u00fcnen Ortsverband Neuhofen"},"content":{"rendered":"\n<p>Liebe Neuh\u00f6fer*innen,<\/p>\n\n\n\n<p>zur Landtagswahl am 14.03. haben wir Sie in der letzten Zeit mit einem Flyer in Ihrem Briefkasten ganz kurz \u00fcber die Ziele von B\u00dcNDNIS 90 \/ DIE GR\u00dcNEN f\u00fcr die n\u00e4chste Legislaturperiode informiert.<\/p>\n\n\n\n<p>An vielen Haushalten war die Information \u201cKeine Werbung\u201d angebracht, was wir respektiert haben. Wir m\u00f6chten Ihnen jetzt die Gelegenheit geben, an einem stille Infostand unsere Informationen zur Wahl in Form der Flyer, Aufkleber der Gr\u00fcnen Jugend und des Kurzwahlprogrammes mitzunehmen. Au\u00dferdem haben wir in begrenzter Zahl auch Sament\u00fctchen f\u00fcr Bienenpflanzen und Sonnenblumen f\u00fcr Sie bereit.<\/p>\n\n\n\n<p>Bitte beachten Sie die Hygiene-Regeln, die f\u00fcr den Stand gelten und dort auch angebracht sind.<\/p>\n\n\n\n<p>INFOSTAND AUF DEM PARKPLATZ OTTO-DILL-STR.<\/p>\n\n\n\n<p>SAMSTAG, 27. FEBRUAR und 6. M\u00c4RZ jeweils von 09:30 bis 12:30 Uhr.<\/p>\n\n\n\n<p>Wir freuen uns \u00fcber Ihr Interesse und auf Ihre R\u00fcckmeldungen.<\/p>\n\n\n\n<p>Gr\u00fcn w\u00e4chst, wenn man es pflegt.<\/p>\n\n\n\n<p>Es gr\u00fc\u00dfen Sie \u2013 Anette Winter und Lutz Dreyer (Sprecher*in)<\/p>\n\n\n\n<p>E-Mail: ov-neuhofen@gruene-rlp.de<br>Facebook: https:\/\/www.facebook.com\/grueneneuhofen<\/p>\n","protected":false},"excerpt":{"rendered":"<p>INFOSTAND AUF DEM PARKPLATZ OTTO-DILL-STR.<\/p>\n<p>SAMSTAG, 27. FEBRUAR und 6. M\u00c4RZ jeweils von 09:30 bis 12:30 Uhr.<\/p>\n","protected":false},"author":-1,"featured_media":397,"comment_status":"open","ping_status":"open","sticky":false,"template":"","format":"standard","meta":{"footnotes":""},"categories":[6,5],"tags":[],"_links":{"self":[{"href":"https:\/\/gruene-neuhofen.de\/index.php?rest_route=\/wp\/v2\/posts\/402"}],"collection":[{"href":"https:\/\/gruene-neuhofen.de\/index.php?rest_route=\/wp\/v2\/posts"}],"about":[{"href":"https:\/\/gruene-neuhofen.de\/index.php?rest_route=\/wp\/v2\/types\/post"}],"author":[{"embeddable":true,"href":"https:\/\/gruene-neuhofen.de\/index.php?rest_route=\/wp\/v2\/users\/2"}],"replies":[{"embeddable":true,"href":"https:\/\/gruene-neuhofen.de\/index.php?rest_route=%2Fwp%2Fv2%2Fcomments&post=402"}],"version-history":[{"count":5,"href":"https:\/\/gruene-neuhofen.de\/index.php?rest_route=\/wp\/v2\/posts\/402\/revisions"}],"predecessor-version":[{"id":417,"href":"https:\/\/gruene-neuhofen.de\/index.php?rest_route=\/wp\/v2\/posts\/402\/revisions\/417"}],"wp:featuredmedia":[{"embeddable":true,"href":"https:\/\/gruene-neuhofen.de\/index.php?rest_route=\/wp\/v2\/media\/397"}],"wp:attachment":[{"href":"https:\/\/gruene-neuhofen.de\/index.php?rest_route=%2Fwp%2Fv2%2Fmedia&parent=402"}],"wp:term":[{"taxonomy":"category","embeddable":true,"href":"https:\/\/gruene-neuhofen.de\/index.php?rest_route=%2Fwp%2Fv2%2Fcategories&post=402"},{"taxonomy":"post_tag","embeddable":true,"href":"https:\/\/gruene-neuhofen.de\/index.php?rest_route=%2Fwp%2Fv2%2Ftags&post=402"}],"curies":[{"name":"wp","href":"https:\/\/api.w.org\/{rel}","templated":true}]}}