{"id":1948,"date":"2025-10-09T20:53:25","date_gmt":"2025-10-09T18:53:25","guid":{"rendered":"https:\/\/gruene-neuhofen.de\/?p=1948"},"modified":"2025-10-21T14:56:46","modified_gmt":"2025-10-21T12:56:46","slug":"wiederkehrende-beitraege-und-die-kritik-der-gruenen-zur-kreiselgestaltung","status":"publish","type":"post","link":"https:\/\/gruene-neuhofen.de\/?p=1948","title":{"rendered":"Wiederkehrende Beitr\u00e4ge und die Kritik der Gr\u00fcnen zur Kreiselgestaltung"},"content":{"rendered":"\n<p>In der letzten Sitzung des Gemeinderats im August wurde \u00fcber die Gestaltung des Kreisels am Ortseingang Industriestra\u00dfe\/Jahnstra\u00dfe entschieden. Die Fraktion der Gr\u00fcnen hat diesen Beschluss kritisch begleitet \u2013 vor allem aufgrund der hohen Kosten, die daf\u00fcr eingeplant wurden.<\/p>\n\n\n\n<p>W\u00e4re die Haushaltslage der Gemeinde solide und Spielraum f\u00fcr solche Ausgaben vorhanden, h\u00e4tten auch wir der Ma\u00dfnahme m\u00f6glicherweise zustimmen k\u00f6nnen. Doch das ist nicht der Fall: Die Gemeinde lebt inzwischen dauerhaft \u00fcber ihre Verh\u00e4ltnisse, was der Ortsverband B\u00fcndnis 90\/ Die Gr\u00fcnen Neuhofen bereits 2020 prognostiziert hatte. Die <strong>pro Kopf Verschuldung<\/strong> hat sich wie folgt entwickelt: 2018 lag sie noch bei 480\u20ac, 2024 bei 1391\u20ac -mit weiter steigender Tendenz.<\/p>\n\n\n\n<p>Wir stellen infrage, warum ein M\u00e4uerchen aus handbehauenen Steinen notwendig ist oder ein Erdh\u00fcgel aufgesch\u00fcttet werden muss, der den Blick in und aus dem Ort einschr\u00e4nkt. Stattdessen fordern wir eine st\u00e4rkere Budgetierung und ein klares Augenmerk darauf, nur dort zu investieren, wo es wirklich erforderlich ist.<\/p>\n\n\n\n<p>Im Zuge der Diskussion um die Bescheide zu den wiederkehrenden Beitr\u00e4gen wird vielen B\u00fcrger*innen deutlich, dass Ma\u00dfnahmen zur Versch\u00f6nerung des Ortsbildes mit erheblichen Kosten verbunden sind. Laut \u00a72 Abs. 1 der Satzung zur Erhebung von wiederkehrenden Beitr\u00e4gen f\u00fcr Verkehrsanlagen der Ortsgemeinde Neuhofen kann auch die Gestaltung des Kreisels als sogenanntes Stra\u00dfenbegleitgr\u00fcn umgelegt werden.<\/p>\n\n\n\n<p>Die Umlage solcher Kosten auf die Allgemeinheit lehnen wir nicht grunds\u00e4tzlich ab \u2013 doch wir sehen gro\u00dfen Verbesserungsbedarf bei der Kostenkontrolle und Priorit\u00e4tensetzung der einzelnen Ma\u00dfnahmen. Auch das Tempo, mit dem Projekte in der Gemeinde umgesetzt werden, stellt sich f\u00fcr uns immer wieder als problematisch dar. Hier fordern wir mehr Transparenz, Priorisierung und Augenma\u00df.<\/p>\n\n\n\n<p>Achtung: Gem\u00e4\u00df der Vorschau des Haushaltsjahres 2025 liegen wir im Jahr 2028 bei pro Kopf Verbindlichkeiten in H\u00f6he von !3088\u20ac! (bei gleicher Einwohnerzahl); und das trotz ca. 6 Mil, \u20ac Erl\u00f6s aus dem Verkauf des Tennenplatzes und vieler Zusch\u00fcsse von Land, Bund und EU.<\/p>\n","protected":false},"excerpt":{"rendered":"<p>In der letzten Sitzung des Gemeinderats im August wurde \u00fcber die Gestaltung des Kreisels am Ortseingang Industriestra\u00dfe\/Jahnstra\u00dfe entschieden. Die Fraktion der Gr\u00fcnen hat diesen Beschluss kritisch begleitet  vor allem\u2026<\/p>\n","protected":false},"author":-1,"featured_media":1949,"comment_status":"open","ping_status":"open","sticky":true,"template":"","format":"standard","meta":{"footnotes":""},"categories":[4],"tags":[],"_links":{"self":[{"href":"https:\/\/gruene-neuhofen.de\/index.php?rest_route=\/wp\/v2\/posts\/1948"}],"collection":[{"href":"https:\/\/gruene-neuhofen.de\/index.php?rest_route=\/wp\/v2\/posts"}],"about":[{"href":"https:\/\/gruene-neuhofen.de\/index.php?rest_route=\/wp\/v2\/types\/post"}],"author":[{"embeddable":true,"href":"https:\/\/gruene-neuhofen.de\/index.php?rest_route=\/wp\/v2\/users\/3"}],"replies":[{"embeddable":true,"href":"https:\/\/gruene-neuhofen.de\/index.php?rest_route=%2Fwp%2Fv2%2Fcomments&post=1948"}],"version-history":[{"count":3,"href":"https:\/\/gruene-neuhofen.de\/index.php?rest_route=\/wp\/v2\/posts\/1948\/revisions"}],"predecessor-version":[{"id":1955,"href":"https:\/\/gruene-neuhofen.de\/index.php?rest_route=\/wp\/v2\/posts\/1948\/revisions\/1955"}],"wp:featuredmedia":[{"embeddable":true,"href":"https:\/\/gruene-neuhofen.de\/index.php?rest_route=\/wp\/v2\/media\/1949"}],"wp:attachment":[{"href":"https:\/\/gruene-neuhofen.de\/index.php?rest_route=%2Fwp%2Fv2%2Fmedia&parent=1948"}],"wp:term":[{"taxonomy":"category","embeddable":true,"href":"https:\/\/gruene-neuhofen.de\/index.php?rest_route=%2Fwp%2Fv2%2Fcategories&post=1948"},{"taxonomy":"post_tag","embeddable":true,"href":"https:\/\/gruene-neuhofen.de\/index.php?rest_route=%2Fwp%2Fv2%2Ftags&post=1948"}],"curies":[{"name":"wp","href":"https:\/\/api.w.org\/{rel}","templated":true}]}}