{"id":1743,"date":"2025-03-30T12:32:20","date_gmt":"2025-03-30T10:32:20","guid":{"rendered":"https:\/\/gruene-neuhofen.de\/?p=1743"},"modified":"2025-03-30T12:45:30","modified_gmt":"2025-03-30T10:45:30","slug":"gemeinderatssitzung-25-03-25","status":"publish","type":"post","link":"https:\/\/gruene-neuhofen.de\/?p=1743","title":{"rendered":"Gemeinderatssitzung 25.03.25"},"content":{"rendered":"\n<p><em>Die wichtigsten Punkte zusammengefasst:<\/em><\/p>\n\n\n\n<p><strong>Die neue Leitung der B\u00fccherei stellt sich vor<\/strong><\/p>\n\n\n\n<p>Viele Jahre lang wurde unsere B\u00fccherei mit viel Engagement von Herrn Bein und seiner Frau aufgebaut und ehrenamtlich gef\u00fchrt. Nach mehreren Wechseln in der Leitung hat man sich nun entschieden, eine hauptamtliche Leitung mit etwas mehr als einer halben Stelle einzuf\u00fchren.<\/p>\n\n\n\n<p>Seit Kurzem \u00fcbernimmt Jana Schwender diese Aufgabe. Sie ist ausgebildete Fachangestellte f\u00fcr Medien- und Informationsdienste, in Neuhofen aufgewachsen und tief mit unserem Ort verbunden. Unterst\u00fctzt wird sie von einem engagierten ehrenamtlichen Team.<\/p>\n\n\n\n<p>Frau Schwender bringt bereits viele Ideen f\u00fcr die Zukunft der B\u00fccherei mit. Sobald die neuen R\u00e4umlichkeiten \u2013 voraussichtlich nach Ostern \u2013 bezogen werden k\u00f6nnen, wird sie ihre Pl\u00e4ne in die Tat umsetzen. Bis dahin bleibt die B\u00fccherei noch provisorisch in den R\u00e4umen der Seniorenstube untergebracht.<\/p>\n\n\n\n<p>Wir w\u00fcnschen Frau Schwender viel Erfolg und freuen uns auf eine lebendige und gut besuchte B\u00fccherei!<\/p>\n\n\n\n<p><strong>Das JUZ bekommt ein neues Logo<\/strong><\/p>\n\n\n\n<p>Seit ihrer Vorstellung im Gemeinderat im Januar ist die neue Leiterin des Jugendzentrums bereits voller Tatendrang. Nun kann sie ihr erstes erfolgreiches Projekt pr\u00e4sentieren: In einem kreativen Wettbewerb haben die Kinder und Jugendlichen gemeinsam ein neues Logo f\u00fcr das JUZ entworfen \u2013 und das Ergebnis kann sich sehen lassen!<\/p>\n\n\n\n<p><strong>Verkehrssituation vor dem Otto-Ditscher-Haus: Handlungsbedarf bleibt bestehen<\/strong><\/p>\n\n\n\n<p>Nachdem sowohl die B\u00fccherei als auch das Jugendzentrum neuen Schwung erhalten haben, r\u00fcckt nun die problematische Verkehrssituation vor dem Otto-Ditscher-Haus wieder in den Fokus. Besonders die un\u00fcbersichtlichen Kurven machen das \u00dcberqueren der Stra\u00dfe gef\u00e4hrlich. Daher wird nach M\u00f6glichkeiten gesucht, die Geschwindigkeit in diesem Bereich zu reduzieren.<\/p>\n\n\n\n<p>Ein weiteres Anliegen ist die Gestaltung des Gehwegs, sodass parkende Fahrzeuge k\u00fcnftig nicht mehr den Durchgang versperren. Allerdings handelt es sich hierbei um eine Landesstra\u00dfe, sodass die Gemeinde selbst keine direkten \u00c4nderungen an den Verkehrsregelungen vornehmen kann \u2013 zust\u00e4ndig ist das Landesbetrieb Mobilit\u00e4t (LBM).<\/p>\n\n\n\n<p>Bereits am 28. M\u00e4rz 2023 hatte der Gemeinderat im Rahmen eines gemeinsamen Antrags beschlossen, der Initiative <em>Lebenswerte St\u00e4dte und Gemeinden<\/em> beizutreten, die sich f\u00fcr mehr kommunale Mitbestimmung bei Landesstra\u00dfen einsetzt. Dieser Beschluss wurde bisher jedoch nicht umgesetzt. In der j\u00fcngsten Sitzung wurde der B\u00fcrgermeister daher aufgefordert, dies nachzuholen.<\/p>\n\n\n\n<p><strong>Jahrespflege f\u00fcr die Rasensportpl\u00e4tze: Eine notwendige Investition<\/strong><\/p>\n\n\n\n<p>Jeder Rasenbesitzer wei\u00df: Mindestens einmal im Jahr ben\u00f6tigt ein Rasen besondere Pflege, um gesund und bespielbar zu bleiben. Das gilt umso mehr f\u00fcr unsere Sportpl\u00e4tze. Mittlerweile umfasst die Anlage zwei gro\u00dfe Rasenpl\u00e4tze sowie ein Kleinfeld \u2013 und damit steigen auch die Kosten f\u00fcr die j\u00e4hrliche Pflege erheblich, zus\u00e4tzlich zu den laufenden Unterhaltsma\u00dfnahmen.<\/p>\n\n\n\n<p>Dass solche Folgekosten anfallen w\u00fcrden, war von Anfang an absehbar. F\u00fcr die Gr\u00fcnen war dies stets ein kritischer Punkt, der in der Vergangenheit jedoch oft vernachl\u00e4ssigt wurde. Nun gilt es, eine nachhaltige L\u00f6sung zu finden, um die Pl\u00e4tze in einem guten Zustand zu halten, ohne die finanzielle Belastung aus dem Blick zu verlieren.<\/p>\n\n\n\n<p><strong>Wo soll der neue Bauhof hin?<\/strong><\/p>\n\n\n\n<p>Seit dem Brand Anfang 2024 ist weiterhin unklar, wo der Bauhof k\u00fcnftig untergebracht wird. W\u00e4hrend der Gemeinderat noch mit der Standortfrage f\u00fcr einen m\u00f6glichen Neubau ringt, wird inzwischen auch die Option gepr\u00fcft, ein bestehendes Geb\u00e4ude zu kaufen oder anzumieten.<\/p>\n\n\n\n<p>Die Gr\u00fcnen h\u00e4tten den Bauhof bevorzugt im Gewerbegebiet angesiedelt. Aus ihrer Sicht w\u00e4re dies die beste L\u00f6sung gewesen: Das Gel\u00e4nde ist bereits voll erschlossen, ein Bau h\u00e4tte sofort beginnen k\u00f6nnen, und es m\u00fcssten keine zus\u00e4tzlichen Fl\u00e4chen versiegelt werden. Doch dieser Vorschlag wurde abgelehnt, da man keine Gewerbefl\u00e4chen f\u00fcr den Bauhof opfern wollte.<\/p>\n\n\n\n<p>Die Suche nach einer geeigneten L\u00f6sung geht also weiter \u2013 eine schnelle Entscheidung w\u00e4re w\u00fcnschenswert, um den Bauhof langfristig funktional und effizient unterzubringen.<\/p>\n\n\n\n<p>Die Fraktionen der SPD, CDU und von B\u00fcndnis 90\/Die Gr\u00fcnen haben sich wie bereits vor einigen Monaten f\u00fcr die Pr\u00fcfung des Standortes im Bachstadenweg ausgesprochen und hoffen bis zur n\u00e4chsten Gemeinderatssitzung endlich fundierte Informationen der \u00fcbergeordneten Beh\u00f6rden zu diesem Standort zu erhalten. Denn dieses Grundst\u00fcck befindet sich bereits im Gemeindeeigentum, liegt neben dem Wertstoffhof und k\u00f6nnte \u00fcber die Woogstra\u00dfe mit den notwendigen Anschl\u00fcssen versorgt werden, w\u00e4hrend das von der FDP Fraktion und der gr\u00fcnen Liste bevorzugte Grundst\u00fcck an der Schafgasse noch nicht der Gemeinde geh\u00f6rt und zum Wegfall wertvoller landwirtschaftlicher Fl\u00e4che f\u00fchren w\u00fcrde.<\/p>\n\n\n\n<p><strong>Snackautomat in Neuhofen? Der Gemeinderat sagt Nein<\/strong><\/p>\n\n\n\n<p>Die Verbreitung von Snackautomaten mit S\u00fc\u00dfigkeiten und Knabberartikeln gilt f\u00fcr viele als ein Trend der Zeit. Doch in Neuhofen wird es keinen solchen Automaten geben. Der Gemeinderat hat einstimmig dagegen gestimmt.<\/p>\n\n\n\n<p>Die Entscheidung steht im Einklang mit dem Ziel, eine gesunde Mittagsverpflegung in Kitas und Schulen zu f\u00f6rdern. Ein Snackautomat mit \u00fcberwiegend ungesunden Produkten w\u00fcrde diesen Bem\u00fchungen widersprechen. Stattdessen soll weiterhin auf eine ausgewogene Ern\u00e4hrung f\u00fcr Kinder und Jugendliche gesetzt werden.<\/p>\n","protected":false},"excerpt":{"rendered":"<p>Die wichtigsten Punkte zusammengefasst: Die neue Leitung der B\u00fccherei stellt sich vor Viele Jahre lang wurde unsere B\u00fccherei mit viel Engagement von Herrn Bein und seiner Frau aufgebaut und ehrenamtlich\u2026<\/p>\n","protected":false},"author":-1,"featured_media":1749,"comment_status":"open","ping_status":"open","sticky":true,"template":"","format":"standard","meta":{"footnotes":""},"categories":[4,78],"tags":[],"_links":{"self":[{"href":"https:\/\/gruene-neuhofen.de\/index.php?rest_route=\/wp\/v2\/posts\/1743"}],"collection":[{"href":"https:\/\/gruene-neuhofen.de\/index.php?rest_route=\/wp\/v2\/posts"}],"about":[{"href":"https:\/\/gruene-neuhofen.de\/index.php?rest_route=\/wp\/v2\/types\/post"}],"author":[{"embeddable":true,"href":"https:\/\/gruene-neuhofen.de\/index.php?rest_route=\/wp\/v2\/users\/3"}],"replies":[{"embeddable":true,"href":"https:\/\/gruene-neuhofen.de\/index.php?rest_route=%2Fwp%2Fv2%2Fcomments&post=1743"}],"version-history":[{"count":2,"href":"https:\/\/gruene-neuhofen.de\/index.php?rest_route=\/wp\/v2\/posts\/1743\/revisions"}],"predecessor-version":[{"id":1746,"href":"https:\/\/gruene-neuhofen.de\/index.php?rest_route=\/wp\/v2\/posts\/1743\/revisions\/1746"}],"wp:featuredmedia":[{"embeddable":true,"href":"https:\/\/gruene-neuhofen.de\/index.php?rest_route=\/wp\/v2\/media\/1749"}],"wp:attachment":[{"href":"https:\/\/gruene-neuhofen.de\/index.php?rest_route=%2Fwp%2Fv2%2Fmedia&parent=1743"}],"wp:term":[{"taxonomy":"category","embeddable":true,"href":"https:\/\/gruene-neuhofen.de\/index.php?rest_route=%2Fwp%2Fv2%2Fcategories&post=1743"},{"taxonomy":"post_tag","embeddable":true,"href":"https:\/\/gruene-neuhofen.de\/index.php?rest_route=%2Fwp%2Fv2%2Ftags&post=1743"}],"curies":[{"name":"wp","href":"https:\/\/api.w.org\/{rel}","templated":true}]}}