{"id":1699,"date":"2025-01-29T09:36:01","date_gmt":"2025-01-29T08:36:01","guid":{"rendered":"https:\/\/gruene-neuhofen.de\/?p=1699"},"modified":"2025-01-29T09:36:02","modified_gmt":"2025-01-29T08:36:02","slug":"klimaschutz-und-wohlstand-sichern-wie-geht-das","status":"publish","type":"post","link":"https:\/\/gruene-neuhofen.de\/?p=1699","title":{"rendered":"Klimaschutz und Wohlstand sichern! Wie geht das?"},"content":{"rendered":"\n<p>Das Thema des Abends, am 22. Januar 2025, lautete \u201eKlimaschutz und Wohlstand sichern! Wie geht das?\u201c. Unser Direktkandidat, der Bundestagsabgeordnete Prof. Dr. Armin Grau, beantwortete alle Fragen der \u00fcber 25 Zuschauer*innen und ordnete die Politik in das aktuelle Weltgeschehen ein. Mit gr\u00fcner Politik haben wir es geschafft, den Altmeier-Knick vor zehn Jahren zu \u00fcberwinden und die Abh\u00e4ngigkeiten der fossilen Energien erheblich zu reduzieren. Dieser Satz war das Credo der darauf folgenden zwei Stunden.<\/p>\n\n\n\n<p>Nach ein paar einleitenden Worten von Anette Winter und J\u00fcrgen Fink zu dem Begriff \u201eWohlstand\u201c hat Armin Grau die Bedeutung von Klimaschutz und Wohlstandssicherung erkl\u00e4rt und Erfolge sowie Herausforderungen der aktuellen Legislaturperiode erl\u00e4utert. Dar\u00fcber hinaus hat er einen Ausblick gegeben, was die Gr\u00fcnen in der n\u00e4chsten Legislatur umsetzen wollen. Bevor die Frage- und Diskussionsrunde er\u00f6ffnet wurde, stellte Armin Grau klar, dass wir nicht das Klima sch\u00fctzen m\u00fcssen, sondern mit Klimaschutz uns Menschen sch\u00fctzen. Dieser Ansicht waren auch zahlreiche Besucher*innen und so entwickelte sich ein lebhafter Austausch mit Fragen, Anmerkungen und Anregungen zu den Themen Klimaschutz, Wohlstand, Geb\u00e4udeenergiegesetz, aber auch zu unserem Gesundheitssystem und aktuellen Finanzierungsvorschl\u00e4gen. Nach \u00fcber einst\u00fcndiger Diskussion wurde die Veranstaltung beendet und in kleinen Gruppen die Gespr\u00e4che bei einem Glas Wein und Snacks fortgesetzt.<\/p>\n\n\n\n<p>Wir haben uns sehr \u00fcber den Austausch gefreut und hoffen auf viele Stimmen f\u00fcr unseren Direktkandidaten Armin Grau und B\u00fcndnis 90\/ Die Gr\u00fcnen bei der Bundestagswahl am 23. Februar 2025! Nur mit starken Gr\u00fcnen k\u00f6nnen wir langfristig unseren Wohlstand sichern und in einem klimatisch, wirtschaftlich und sozial lebenswerten Deutschland leben.<\/p>\n","protected":false},"excerpt":{"rendered":"<p>Das Thema des Abends, am 22. Januar 2025, lautete \u201eKlimaschutz und Wohlstand sichern! Wie geht das?\u201c. Unser Direktkandidat, der Bundestagsabgeordnete Prof. Dr. Armin Grau, beantwortete alle Fragen der \u00fcber 25\u2026<\/p>\n","protected":false},"author":-1,"featured_media":1700,"comment_status":"open","ping_status":"open","sticky":true,"template":"","format":"standard","meta":{"footnotes":""},"categories":[4],"tags":[93,20,49],"_links":{"self":[{"href":"https:\/\/gruene-neuhofen.de\/index.php?rest_route=\/wp\/v2\/posts\/1699"}],"collection":[{"href":"https:\/\/gruene-neuhofen.de\/index.php?rest_route=\/wp\/v2\/posts"}],"about":[{"href":"https:\/\/gruene-neuhofen.de\/index.php?rest_route=\/wp\/v2\/types\/post"}],"author":[{"embeddable":true,"href":"https:\/\/gruene-neuhofen.de\/index.php?rest_route=\/wp\/v2\/users\/4"}],"replies":[{"embeddable":true,"href":"https:\/\/gruene-neuhofen.de\/index.php?rest_route=%2Fwp%2Fv2%2Fcomments&post=1699"}],"version-history":[{"count":1,"href":"https:\/\/gruene-neuhofen.de\/index.php?rest_route=\/wp\/v2\/posts\/1699\/revisions"}],"predecessor-version":[{"id":1701,"href":"https:\/\/gruene-neuhofen.de\/index.php?rest_route=\/wp\/v2\/posts\/1699\/revisions\/1701"}],"wp:featuredmedia":[{"embeddable":true,"href":"https:\/\/gruene-neuhofen.de\/index.php?rest_route=\/wp\/v2\/media\/1700"}],"wp:attachment":[{"href":"https:\/\/gruene-neuhofen.de\/index.php?rest_route=%2Fwp%2Fv2%2Fmedia&parent=1699"}],"wp:term":[{"taxonomy":"category","embeddable":true,"href":"https:\/\/gruene-neuhofen.de\/index.php?rest_route=%2Fwp%2Fv2%2Fcategories&post=1699"},{"taxonomy":"post_tag","embeddable":true,"href":"https:\/\/gruene-neuhofen.de\/index.php?rest_route=%2Fwp%2Fv2%2Ftags&post=1699"}],"curies":[{"name":"wp","href":"https:\/\/api.w.org\/{rel}","templated":true}]}}