{"id":1533,"date":"2024-09-17T14:22:12","date_gmt":"2024-09-17T12:22:12","guid":{"rendered":"https:\/\/gruene-neuhofen.de\/?p=1533"},"modified":"2024-09-17T14:22:13","modified_gmt":"2024-09-17T12:22:13","slug":"wo-soll-der-neue-bauhof-hin","status":"publish","type":"post","link":"https:\/\/gruene-neuhofen.de\/?p=1533","title":{"rendered":"Wo soll der neue Bauhof hin?"},"content":{"rendered":"\n<p>Nach dem Brand im Januar ist klar: Wir brauchen einen neuen Bauhof. Der jetzige Standort ist \u00fcber die Jahre hinweg zusammengeflickt worden und erschwert ein effizientes Arbeiten. Auch die Gr\u00fcnen unterst\u00fctzen daher den Neubau. Doch die entscheidenden Fragen lauten: Wo soll er hin und was sind wir bereit f\u00fcr Grunderwerb und Netzanschl\u00fcsse zu bezahlen?<\/p>\n\n\n\n<p>Soll der Bauhof auf eine \u201egr\u00fcne Wiese\u201c gebaut werden? So praktisch dies auch erscheint, m\u00fcssen wir uns bewusst sein, dass unsere Fl\u00e4chen begrenzt sind. In Neuhofen gibt es zahlreiche Bauprojekte, die bereits Fl\u00e4chen versiegeln. Angesichts dieser Entwicklung ist es wichtig, bei weiteren Projekten Zur\u00fcckhaltung zu \u00fcben. Im Gemeinderat werden derzeit verschiedene Fl\u00e4chenvorschl\u00e4ge diskutiert. F\u00fcr die Gr\u00fcnen ist dabei entscheidend, dass der Bauhof schnell realisiert werden kann und die notwendige Infrastruktur wie Strom, Wasser und Abwasser bereits teilweise vorhanden ist. Zudem d\u00fcrfen Anwohner*innen nicht unzumutbar beeintr\u00e4chtigt werden, da der Bauhof seine Arbeit fr\u00fch morgens aufnimmt.<\/p>\n\n\n\n<p>Ein Blick in den Fl\u00e4chennutzungsplan zeigt uns, dass eine geeignete Fl\u00e4che im bestehenden Gewerbegebiet liegt. Hier sind alle Rahmenbedingungen gegeben, sodass der Bau z\u00fcgig starten k\u00f6nnte. Aber warum ist der Fl\u00e4chennutzungsplan f\u00fcr uns so wichtig? In ihm wird festgelegt, wie wir in den kommenden 30 Jahren mit unseren Fl\u00e4chen umgehen und wie viel neu gebaut werden darf. Alle bisher dem Gemeinderat vorgelegten Fl\u00e4chenvorschl\u00e4ge f\u00fcr den Bauhof sind im Fl\u00e4chennutzungsplan nicht enthalten \u2013 sie befinden sich auf Natur- oder Ackerland.<\/p>\n\n\n\n<p>Wir m\u00fcssen verantwortungsvoll mit unseren Fl\u00e4chen umgehen und d\u00fcrfen nicht leichtfertig weitere unber\u00fchrte oder landwirtschaftlich genutzte Gebiete versiegeln. Dabei d\u00fcrfen wir die Gesamtkosten eines Neubaus keinesfalls au\u00dfer Acht lassen. Wir brauchen eine verantwortungsvolle Abw\u00e4gung aller Interessen.<\/p>\n","protected":false},"excerpt":{"rendered":"<p>Nach dem Brand im Januar ist klar: Wir brauchen einen neuen Bauhof. Der jetzige Standort ist \u00fcber die Jahre hinweg zusammengeflickt worden und erschwert ein effizientes Arbeiten. Auch die Gr\u00fcnen\u2026<\/p>\n","protected":false},"author":-1,"featured_media":1534,"comment_status":"open","ping_status":"open","sticky":true,"template":"","format":"standard","meta":{"footnotes":""},"categories":[78],"tags":[90,59,91,49],"_links":{"self":[{"href":"https:\/\/gruene-neuhofen.de\/index.php?rest_route=\/wp\/v2\/posts\/1533"}],"collection":[{"href":"https:\/\/gruene-neuhofen.de\/index.php?rest_route=\/wp\/v2\/posts"}],"about":[{"href":"https:\/\/gruene-neuhofen.de\/index.php?rest_route=\/wp\/v2\/types\/post"}],"author":[{"embeddable":true,"href":"https:\/\/gruene-neuhofen.de\/index.php?rest_route=\/wp\/v2\/users\/4"}],"replies":[{"embeddable":true,"href":"https:\/\/gruene-neuhofen.de\/index.php?rest_route=%2Fwp%2Fv2%2Fcomments&post=1533"}],"version-history":[{"count":1,"href":"https:\/\/gruene-neuhofen.de\/index.php?rest_route=\/wp\/v2\/posts\/1533\/revisions"}],"predecessor-version":[{"id":1535,"href":"https:\/\/gruene-neuhofen.de\/index.php?rest_route=\/wp\/v2\/posts\/1533\/revisions\/1535"}],"wp:featuredmedia":[{"embeddable":true,"href":"https:\/\/gruene-neuhofen.de\/index.php?rest_route=\/wp\/v2\/media\/1534"}],"wp:attachment":[{"href":"https:\/\/gruene-neuhofen.de\/index.php?rest_route=%2Fwp%2Fv2%2Fmedia&parent=1533"}],"wp:term":[{"taxonomy":"category","embeddable":true,"href":"https:\/\/gruene-neuhofen.de\/index.php?rest_route=%2Fwp%2Fv2%2Fcategories&post=1533"},{"taxonomy":"post_tag","embeddable":true,"href":"https:\/\/gruene-neuhofen.de\/index.php?rest_route=%2Fwp%2Fv2%2Ftags&post=1533"}],"curies":[{"name":"wp","href":"https:\/\/api.w.org\/{rel}","templated":true}]}}